{"id":1896,"date":"2025-12-07T21:37:55","date_gmt":"2025-12-07T20:37:55","guid":{"rendered":"https:\/\/heimatverein.heiligenrode.de\/?p=1896"},"modified":"2025-12-07T21:37:55","modified_gmt":"2025-12-07T20:37:55","slug":"jahresausklang-mit-gemuetlichen-stunden-im-backhaus","status":"publish","type":"post","link":"https:\/\/heimatverein.heiligenrode.de\/?p=1896","title":{"rendered":"Jahresausklang mit gem\u00fctlichen Stunden im Backhaus"},"content":{"rendered":"<p><img loading=\"lazy\" decoding=\"async\" class=\"alignnone size-medium wp-image-1897\" src=\"https:\/\/heimatverein.heiligenrode.de\/wp-content\/uploads\/2025\/12\/Backhaus_Weihnachten-300x200.png\" alt=\"\" width=\"300\" height=\"200\" srcset=\"https:\/\/heimatverein.heiligenrode.de\/wp-content\/uploads\/2025\/12\/Backhaus_Weihnachten-300x200.png 300w, https:\/\/heimatverein.heiligenrode.de\/wp-content\/uploads\/2025\/12\/Backhaus_Weihnachten-1024x681.png 1024w, https:\/\/heimatverein.heiligenrode.de\/wp-content\/uploads\/2025\/12\/Backhaus_Weihnachten-768x511.png 768w, https:\/\/heimatverein.heiligenrode.de\/wp-content\/uploads\/2025\/12\/Backhaus_Weihnachten-451x300.png 451w, https:\/\/heimatverein.heiligenrode.de\/wp-content\/uploads\/2025\/12\/Backhaus_Weihnachten.png 1112w\" sizes=\"auto, (max-width: 300px) 100vw, 300px\" \/><\/p>\n<p><strong>Unser<\/strong><strong>e Termine im Dezember:<\/strong><\/p>\n<ul>\n<li><strong>Dienstag 9. Dezember 2025 um 19:00 Uhr<\/strong><strong><br \/>\n<span style=\"color: #339966;\">Weihnachtlicher Kl\u00f6nschnack<\/span><\/strong><\/li>\n<li><strong>Heilig Abend 24. Dezember 2025 von 10:30 bis 12:30<\/strong><strong><br \/>\n<span style=\"color: #ff0000;\">ge\u00f6ffnetes Backhaus zum Fest<\/span><\/strong><\/li>\n<li><strong>Silvester &#8211; 31. Dezember 2025 von 10:30 bis 12:30<\/strong><strong><br \/>\n<span style=\"color: #339966;\">ge\u00f6ffnetes Backhaus zum Jahresausklang<\/span><\/strong><\/li>\n<\/ul>\n<p>&#8212;&#8212;&#8212;&#8212;&#8212;&#8212;&#8212;&#8212;&#8212;&#8212;&#8212;&#8212;&#8212;&#8212;&#8212;&#8212;&#8212;&#8212;&#8212;&#8212;&#8212;&#8212;&#8212;&#8212;&#8212;&#8212;-<\/p>\n<p><strong>Wie an jedem zweiten Dienstag im Monat, so treffen sich <\/strong><strong><br \/>\nMitglieder und G\u00e4ste zum Kl\u00f6nschnack im Backhaus!<\/strong><\/p>\n<p><span style=\"color: #339966;\"><strong>Im Dezember traditionell in weihnachtlicher Atmosph\u00e4re<\/strong><\/span><\/p>\n<p>&#8212;&#8212;&#8212;&#8212;&#8212;&#8212;&#8212;&#8212;&#8212;&#8212;&#8212;&#8212;&#8212;&#8212;&#8212;&#8212;&#8212;&#8212;&#8212;&#8212;&#8212;&#8212;&#8212;&#8212;&#8212;&#8212;-<\/p>\n<p><strong>Zum Weihnachtsfest und zum Jahresausklang haben wir wieder<\/strong><strong><br \/>\nvon 10:30 bis 12:30 f\u00fcr zwei gem\u00fctliche Stunden unser Backhaus ge\u00f6ffnet.<\/strong><\/p>\n<p><strong>Bei Gl\u00fchwein, Punsch und Geb\u00e4ck bzw. Berliner und Viktoria werden wir<\/strong><strong><br \/>\n<span style=\"color: #339966;\">Heilig Abend und Silvester<\/span> wieder das Jahr mit lockeren Gespr\u00e4chen<br \/>\nund einigen lustigen Geschichten hinter uns lassen.<\/strong><\/p>\n<p>&#8212;&#8212;&#8212;&#8212;&#8212;&#8212;&#8212;&#8212;&#8212;&#8212;&#8212;&#8212;&#8212;&#8212;&#8212;&#8212;&#8212;&#8212;&#8212;&#8212;&#8212;&#8212;&#8212;&#8212;&#8212;&#8212;-<\/p>\n<p><strong>&#x1f384;<\/strong><strong>Wir freuen uns auf viele G\u00e4ste im Backhaus <\/strong><strong>&#x1f384;<\/strong><strong>!<\/strong><\/p>\n<p>&#8212;&#8212;&#8212;&#8212;&#8212;&#8212;&#8212;&#8212;&#8212;&#8212;&#8212;&#8212;&#8212;&#8212;&#8212;&#8212;&#8212;&#8212;&#8212;&#8212;&#8212;&#8212;&#8212;&#8212;&#8212;&#8212;-<br \/>\nWir ben\u00f6tigen Unterst\u00fctzung in den folgenden Bereichen:<br \/>\n\u00d6ffentlichkeitsarbeit &#8211; Veranstaltungsauf und -abbau<\/p>\n<p>Wir sind auch f\u00fcr jede Anregung dankbar, was wir in der<br \/>\nVereinsarbeit und bei unseren Angeboten verbessern k\u00f6nnen.<\/p>\n<p>&gt; Meldet Euch , wenn Ihr mal unverbindlich reinschnuppern m\u00f6chtet &lt;<\/p>\n","protected":false},"excerpt":{"rendered":"<p>Unsere Termine im Dezember: Dienstag 9. Dezember 2025 um 19:00 Uhr Weihnachtlicher Kl\u00f6nschnack Heilig Abend 24. Dezember 2025 von 10:30 bis 12:30 ge\u00f6ffnetes Backhaus zum Fest Silvester &#8211; 31. Dezember 2025 von 10:30 bis 12:30 ge\u00f6ffnetes Backhaus zum Jahresausklang &#8212;&#8212;&#8212;&#8212;&#8212;&#8212;&#8212;&#8212;&#8212;&#8212;&#8212;&#8212;&#8212;&#8212;&#8212;&#8212;&#8212;&#8212;&#8212;&#8212;&#8212;&#8212;&#8212;&#8212;&#8212;&#8212;- &hellip; <a href=\"https:\/\/heimatverein.heiligenrode.de\/?p=1896\">Weiterlesen <span class=\"meta-nav\">&rarr;<\/span><\/a><\/p>\n","protected":false},"author":4,"featured_media":0,"comment_status":"closed","ping_status":"closed","sticky":false,"template":"","format":"standard","meta":{"footnotes":""},"categories":[1],"tags":[],"class_list":["post-1896","post","type-post","status-publish","format-standard","hentry","category-uncategorized"],"_links":{"self":[{"href":"https:\/\/heimatverein.heiligenrode.de\/index.php?rest_route=\/wp\/v2\/posts\/1896","targetHints":{"allow":["GET"]}}],"collection":[{"href":"https:\/\/heimatverein.heiligenrode.de\/index.php?rest_route=\/wp\/v2\/posts"}],"about":[{"href":"https:\/\/heimatverein.heiligenrode.de\/index.php?rest_route=\/wp\/v2\/types\/post"}],"author":[{"embeddable":true,"href":"https:\/\/heimatverein.heiligenrode.de\/index.php?rest_route=\/wp\/v2\/users\/4"}],"replies":[{"embeddable":true,"href":"https:\/\/heimatverein.heiligenrode.de\/index.php?rest_route=%2Fwp%2Fv2%2Fcomments&post=1896"}],"version-history":[{"count":2,"href":"https:\/\/heimatverein.heiligenrode.de\/index.php?rest_route=\/wp\/v2\/posts\/1896\/revisions"}],"predecessor-version":[{"id":1899,"href":"https:\/\/heimatverein.heiligenrode.de\/index.php?rest_route=\/wp\/v2\/posts\/1896\/revisions\/1899"}],"wp:attachment":[{"href":"https:\/\/heimatverein.heiligenrode.de\/index.php?rest_route=%2Fwp%2Fv2%2Fmedia&parent=1896"}],"wp:term":[{"taxonomy":"category","embeddable":true,"href":"https:\/\/heimatverein.heiligenrode.de\/index.php?rest_route=%2Fwp%2Fv2%2Fcategories&post=1896"},{"taxonomy":"post_tag","embeddable":true,"href":"https:\/\/heimatverein.heiligenrode.de\/index.php?rest_route=%2Fwp%2Fv2%2Ftags&post=1896"}],"curies":[{"name":"wp","href":"https:\/\/api.w.org\/{rel}","templated":true}]}}